{"id":16411,"date":"2026-02-03T09:53:21","date_gmt":"2026-02-03T12:53:21","guid":{"rendered":"https:\/\/www.perkons.com\/?post_type=noticias&#038;p=16411"},"modified":"2026-02-03T09:53:23","modified_gmt":"2026-02-03T12:53:23","slug":"volta-as-aulas-acende-alerta-para-proteger-criancas-no-transito-e-reduzir-riscos-nas-areas-escolares","status":"publish","type":"noticias","link":"https:\/\/www.perkons.com\/es\/noticias\/volta-as-aulas-acende-alerta-para-proteger-criancas-no-transito-e-reduzir-riscos-nas-areas-escolares\/","title":{"rendered":"Volta \u00e0s aulas acende alerta para proteger crian\u00e7as no tr\u00e2nsito e reduzir riscos nas \u00e1reas escolares"},"content":{"rendered":"\n<p>O retorno \u00e0s aulas volta a concentrar, em poucos minutos, um grande volume de carros, pedestres, bicicletas e transporte escolar nas imedia\u00e7\u00f5es de col\u00e9gios e creches. \u00c9 exatamente nesse cen\u00e1rio, de pressa e circula\u00e7\u00e3o intensa, que aumentam as situa\u00e7\u00f5es de risco: travessias apressadas, filas duplas, manobras inesperadas e motoristas distra\u00eddos.<\/p>\n\n\n\n<p>Em 2024, as rodovias federais registraram 73.156 sinistros, com 6.160 mortes e 84.526 feridos, segundo o <a href=\"https:\/\/agenciabrasil.ebc.com.br\/geral\/noticia\/2025-04\/acidentes-em-rodovias-federais-matam-616-mil-pessoas-em-2024\" target=\"_blank\" rel=\"noopener\">Anu\u00e1rio 2024 da Pol\u00edcia Rodovi\u00e1ria Federal<\/a> (PRF). Embora o trajeto casa\u2013escola-casa seja majoritariamente urbano, o dado ajuda a dimensionar o impacto do comportamento no tr\u00e2nsito e refor\u00e7a o papel da preven\u00e7\u00e3o di\u00e1ria, especialmente em per\u00edodos de maior deslocamento.<\/p>\n\n\n\n<p>A Perkons chama aten\u00e7\u00e3o para um ponto cr\u00edtico na volta \u00e0s aulas, o excesso de velocidade, que reduz o tempo de rea\u00e7\u00e3o e amplia a gravidade em caso de sinistro, sobretudo onde h\u00e1 circula\u00e7\u00e3o de crian\u00e7as. A retomada do ano letivo aumenta o fluxo pr\u00f3ximo \u00e0s escolas, mas muitos condutores ainda deixam de respeitar os limites, justamente nos locais em que a cautela deveria ser m\u00e1xima.<\/p>\n\n\n\n<p>Na pr\u00e1tica, a recomenda\u00e7\u00e3o \u00e9 simples e decisiva. Desacelerar ao se aproximar de escolas, redobrar a aten\u00e7\u00e3o em faixas de pedestres, evitar o celular ao volante e planejar a parada com anteced\u00eancia, sem improvisos. Tamb\u00e9m \u00e9 essencial fazer embarque e desembarque sempre pelo lado da cal\u00e7ada e nunca em fila dupla, pois a manobra \u201cr\u00e1pida\u201d \u00e9 uma das principais geradoras de conflitos, pontos cegos e travessias perigosas.<\/p>\n\n\n\n<p>Quando houver transporte escolar terceirizado, a recomenda\u00e7\u00e3o \u00e9 verificar se o ve\u00edculo e o condutor est\u00e3o regulares e se as condi\u00e7\u00f5es de seguran\u00e7a atendem \u00e0s exig\u00eancias previstas para o servi\u00e7o. O <a href=\"https:\/\/www.to.gov.br\/detran\/noticias\/volta-as-aulas-2025-confira-cuidados-e-regras-para-um-retorno-seguro\/x4m5zfxhgvf\" target=\"_blank\" rel=\"noopener\">Detran-TO<\/a>, por exemplo, destaca medidas como checar o uso correto dos dispositivos de reten\u00e7\u00e3o, al\u00e9m de lembrar que atitudes simples no embarque e desembarque ajudam a proteger crian\u00e7as e adolescentes.<\/p>\n\n\n\n<p>Para Lu\u00eds Gustavo Campos, diretor e especialista em tr\u00e2nsito da Perkons, a volta \u00e0s aulas \u00e9 uma oportunidade concreta de transformar comportamento em prote\u00e7\u00e3o e educar pelo exemplo. \u201cA seguran\u00e7a no tr\u00e2nsito come\u00e7a com escolhas simples e com bons exemplos. No entorno escolar, qualquer distra\u00e7\u00e3o \u00e9 um risco real para uma crian\u00e7a. Esse cuidado e reponsabilidade precisam ser compartilhadas entre toda a sociedade\u201d, afirma.<\/p>\n\n\n\n<p>A Perkons lembra que munic\u00edpios podem refor\u00e7ar a\u00e7\u00f5es educativas e de fiscaliza\u00e7\u00e3o em hor\u00e1rios de entrada e sa\u00edda, al\u00e9m de usar a tecnologia para apoiar o respeito \u00e0 sinaliza\u00e7\u00e3o e a redu\u00e7\u00e3o de conflitos nas \u00e1reas escolares. Para a popula\u00e7\u00e3o, um conselho importante \u00e9 sempre sair alguns minutos antes, evitar paradas proibidas e dirigir com aten\u00e7\u00e3o total. S\u00e3o atitudes que custam pouco, mas fazem diferen\u00e7a para que alunos cheguem e voltem com seguran\u00e7a.<\/p>\n","protected":false},"excerpt":{"rendered":"<p>Perkons refor\u00e7a orienta\u00e7\u00f5es pr\u00e1ticas para condutores e fam\u00edlias e lembra que velocidade, distra\u00e7\u00e3o e paradas irregulares est\u00e3o entre os fatores que mais elevam o perigo no entorno das escolas<\/p>\n","protected":false},"author":3,"featured_media":16412,"template":"","categorias-de-noticias":[],"class_list":["post-16411","noticias","type-noticias","status-publish","has-post-thumbnail","hentry"],"_links":{"self":[{"href":"https:\/\/www.perkons.com\/es\/wp-json\/wp\/v2\/noticias\/16411","targetHints":{"allow":["GET"]}}],"collection":[{"href":"https:\/\/www.perkons.com\/es\/wp-json\/wp\/v2\/noticias"}],"about":[{"href":"https:\/\/www.perkons.com\/es\/wp-json\/wp\/v2\/types\/noticias"}],"author":[{"embeddable":true,"href":"https:\/\/www.perkons.com\/es\/wp-json\/wp\/v2\/users\/3"}],"version-history":[{"count":1,"href":"https:\/\/www.perkons.com\/es\/wp-json\/wp\/v2\/noticias\/16411\/revisions"}],"predecessor-version":[{"id":16413,"href":"https:\/\/www.perkons.com\/es\/wp-json\/wp\/v2\/noticias\/16411\/revisions\/16413"}],"wp:featuredmedia":[{"embeddable":true,"href":"https:\/\/www.perkons.com\/es\/wp-json\/wp\/v2\/media\/16412"}],"wp:attachment":[{"href":"https:\/\/www.perkons.com\/es\/wp-json\/wp\/v2\/media?parent=16411"}],"wp:term":[{"taxonomy":"categorias-de-noticias","embeddable":true,"href":"https:\/\/www.perkons.com\/es\/wp-json\/wp\/v2\/categorias-de-noticias?post=16411"}],"curies":[{"name":"wp","href":"https:\/\/api.w.org\/{rel}","templated":true}]}}