{"id":16279,"date":"2025-10-14T10:02:13","date_gmt":"2025-10-14T13:02:13","guid":{"rendered":"https:\/\/www.perkons.com\/?post_type=noticias&#038;p=16279"},"modified":"2025-10-14T10:19:14","modified_gmt":"2025-10-14T13:19:14","slug":"educacao-para-o-transito-ganha-espaco-nas-salas-de-aula","status":"publish","type":"noticias","link":"https:\/\/www.perkons.com\/es\/noticias\/educacao-para-o-transito-ganha-espaco-nas-salas-de-aula\/","title":{"rendered":"Educa\u00e7\u00e3o para o tr\u00e2nsito ganha espa\u00e7o nas salas de aula"},"content":{"rendered":"\n<p>V\u00e1rios Departamentos Estaduais de Tr\u00e2nsito est\u00e3o investindo em forma\u00e7\u00e3o continuada de professores e agentes para fortalecer a educa\u00e7\u00e3o no tr\u00e2nsito desde a inf\u00e2ncia. Iniciativas como no Par\u00e1, por exemplo, refletem compromisso com a seguran\u00e7a e cidadania.<\/p>\n\n\n\n<p>O <a href=\"https:\/\/www.detran.pa.gov.br\/noticias\/index.php?id=3142\" target=\"_blank\" rel=\"noopener\">Detran-PA<\/a>, em parceria com a Secretaria de Estado de Educa\u00e7\u00e3o (Seduc) e a Secretaria Municipal de Educa\u00e7\u00e3o (Semec) de Bel\u00e9m, lan\u00e7ou o programa \u201cEduca\u00e7\u00e3o que Transforma Vidas\u201d, que oferece forma\u00e7\u00e3o te\u00f3rica, material pedag\u00f3gico (cadernos ilustrados, jogos e kits de sinaliza\u00e7\u00e3o) e acompanhamento, com o objetivo de &nbsp;incorporar a educa\u00e7\u00e3o para o tr\u00e2nsito no cotidiano das crian\u00e7as desde a Educa\u00e7\u00e3o Infantil at\u00e9 o 5\u00ba ano do Fundamental.<\/p>\n\n\n\n<p>Em Pernambuco, o \u201c<a href=\"https:\/\/www.detran.pe.gov.br\/noticias\/1367-lancado-o-programa-professor-amigo-do-transito-2021?utm_source=chatgpt.com\" target=\"_blank\" rel=\"noopener\">Professor Amigo do Tr\u00e2nsito<\/a>\u201d, coordenado pela Escola P\u00fablica de Tr\u00e2nsito do Detran-PE, j\u00e1 mobilizou representantes de cerca de 80 munic\u00edpios, formando uma rede com mais de 680 mil alunos atendidos no ensino fundamental.<\/p>\n\n\n\n<p>Todo ano, os docentes da rede p\u00fablica do Distrito Federal, &nbsp;t\u00eam acesso ao \u201c<a href=\"https:\/\/www.detran.df.gov.br\/detran-abre-inscricoes-para-curso-mobilidade-e-transito-2\/?utm_source=chatgpt.com\" target=\"_blank\" rel=\"noopener\">Curso Mobilidade e Tr\u00e2nsito<\/a>\u201d (120\u202fh), oferecido \u00e0 dist\u00e2ncia e em formato h\u00edbrido, com materiais did\u00e1ticos e certifica\u00e7\u00e3o, numa abordagem que privilegia a constru\u00e7\u00e3o de uma cultura de paz no tr\u00e2nsito<\/p>\n\n\n\n<p>No Rio Grande do Sul, a Escola do <a href=\"https:\/\/www.detran.rs.gov.br\/escola-do-detranrs-oferece-cursos-gratuitos-voltados-a-pedestres-publico-em-geral-e-gestores-de-transito?utm_source=chatgpt.com\" target=\"_blank\" rel=\"noopener\">Detran-RS<\/a> disponibiliza cursos gratuitos para professores com 24\u202fhoras\/aula de forma\u00e7\u00e3o, visando disseminar pr\u00e1ticas seguras na mobilidade urbana<\/p>\n\n\n\n<p>Esses programas demonstram uma articula\u00e7\u00e3o crescente entre \u00f3rg\u00e3os de tr\u00e2nsito e de educa\u00e7\u00e3o, integrando o tema \u201cseguran\u00e7a vi\u00e1ria\u201d ao Projeto Pol\u00edtico-Pedag\u00f3gico das escolas e, ainda, formando multiplicadores capazes de promover a educa\u00e7\u00e3o para o tr\u00e2nsito de forma cont\u00ednua. \u201cFormar professores e cidad\u00e3os para levar educa\u00e7\u00e3o de tr\u00e2nsito \u00e0s escolas \u00e9 apostar em preven\u00e7\u00e3o a longo prazo. Essas iniciativas s\u00e3o fundamentais para mudar a cultura vi\u00e1ria. A Perkons apoia essa articula\u00e7\u00e3o entre educa\u00e7\u00e3o e mobilidade, essencial para construir vias mais humanas e seguras\u201d, comenta Luiz Gustavo Campos, diretor e especialista em tr\u00e2nsito.<\/p>\n","protected":false},"excerpt":{"rendered":"<p>Programas estaduais capacitam professores para formar cidad\u00e3os mais conscientes e ruas mais seguras<\/p>\n","protected":false},"author":3,"featured_media":16280,"template":"","categorias-de-noticias":[],"class_list":["post-16279","noticias","type-noticias","status-publish","has-post-thumbnail","hentry"],"_links":{"self":[{"href":"https:\/\/www.perkons.com\/es\/wp-json\/wp\/v2\/noticias\/16279","targetHints":{"allow":["GET"]}}],"collection":[{"href":"https:\/\/www.perkons.com\/es\/wp-json\/wp\/v2\/noticias"}],"about":[{"href":"https:\/\/www.perkons.com\/es\/wp-json\/wp\/v2\/types\/noticias"}],"author":[{"embeddable":true,"href":"https:\/\/www.perkons.com\/es\/wp-json\/wp\/v2\/users\/3"}],"version-history":[{"count":1,"href":"https:\/\/www.perkons.com\/es\/wp-json\/wp\/v2\/noticias\/16279\/revisions"}],"predecessor-version":[{"id":16283,"href":"https:\/\/www.perkons.com\/es\/wp-json\/wp\/v2\/noticias\/16279\/revisions\/16283"}],"wp:featuredmedia":[{"embeddable":true,"href":"https:\/\/www.perkons.com\/es\/wp-json\/wp\/v2\/media\/16280"}],"wp:attachment":[{"href":"https:\/\/www.perkons.com\/es\/wp-json\/wp\/v2\/media?parent=16279"}],"wp:term":[{"taxonomy":"categorias-de-noticias","embeddable":true,"href":"https:\/\/www.perkons.com\/es\/wp-json\/wp\/v2\/categorias-de-noticias?post=16279"}],"curies":[{"name":"wp","href":"https:\/\/api.w.org\/{rel}","templated":true}]}}