{"id":15906,"date":"2025-05-08T13:19:14","date_gmt":"2025-05-08T16:19:14","guid":{"rendered":"https:\/\/www.perkons.com\/?post_type=noticias&#038;p=15906"},"modified":"2025-05-08T13:19:17","modified_gmt":"2025-05-08T16:19:17","slug":"maio-amarelo-2025-destaca-a-responsabilidade-humana-na-mobilidade","status":"publish","type":"noticias","link":"https:\/\/www.perkons.com\/en\/noticias\/maio-amarelo-2025-destaca-a-responsabilidade-humana-na-mobilidade\/","title":{"rendered":"Maio Amarelo 2025 destaca a responsabilidade humana na mobilidade"},"content":{"rendered":"\n<p>O Movimento Maio Amarelo, criado pelo Observat\u00f3rio Nacional de Seguran\u00e7a Vi\u00e1ria (ONSV), chega \u00e0 sua 12\u00aa edi\u00e7\u00e3o em 2025 com o tema \u201cMobilidade Humana, Responsabilidade Humana\u201d. A campanha deste ano convida toda a sociedade a refletir sobre o papel individual de cada pessoa no tr\u00e2nsito e a import\u00e2ncia de atitudes conscientes para preservar vidas.<\/p>\n\n\n\n<p>Ao adotar o termo <em>mobilidade humana<\/em>, em vez de <em>mobilidade urbana<\/em>, o Maio Amarelo amplia o foco das discuss\u00f5es: o tr\u00e2nsito n\u00e3o \u00e9 feito de ve\u00edculos e vias apenas, mas de pessoas com hist\u00f3rias, fam\u00edlias e destinos. A proposta \u00e9 colocar o ser humano no centro das decis\u00f5es e a\u00e7\u00f5es que envolvem os deslocamentos, refor\u00e7ando que a responsabilidade no tr\u00e2nsito \u00e9 de todos \u2014 motoristas, motociclistas, ciclistas e pedestres.<\/p>\n\n\n\n<p>Jos\u00e9 Aur\u00e9lio Ramalho, Presidente do Conselho Deliberativo do <a href=\"https:\/\/www.onsv.org.br\/maioamarelo\/noticias\/observatorio-divulga-tema-do-maio-amarelo-2025?utm_source=chatgpt.com\" target=\"_blank\" rel=\"noopener\">ONSV<\/a> e fundador do Movimento Maio Amarelo, ressalta que o objetivo \u00e9 conscientizar sobre como nossas a\u00e7\u00f5es impactam a vida de todos ao nosso redor. Ele afirma que a mobilidade humana vai al\u00e9m do simples deslocamento, envolvendo o direito de todos a um tr\u00e2nsito seguro, inclusivo e eficiente. Para isso, \u00e9 fundamental que cada um assuma a responsabilidade por suas atitudes ao dirigir, pedalar ou caminhar.<\/p>\n\n\n\n<p>\u201cMais do que uma campanha, o Maio Amarelo \u00e9 um chamado \u00e0 consci\u00eancia. A seguran\u00e7a no tr\u00e2nsito come\u00e7a com escolhas simples, como respeitar a faixa de pedestres, n\u00e3o ultrapassar em locais proibidos, reduzir a velocidade e praticar a empatia. Cada atitude conta, cada vida importa\u201d, afirma Luiz Gustavo Campos, diretor e especialista em tr\u00e2nsito da Perkons, empresa parceira hist\u00f3rica da mobilidade segura no Brasil.<\/p>\n\n\n\n<p>Com mais de 33 anos de atua\u00e7\u00e3o e presente em mais de 500 munic\u00edpios brasileiros, a Perkons desenvolve solu\u00e7\u00f5es tecnol\u00f3gicas voltadas \u00e0 gest\u00e3o de tr\u00e1fego e \u00e0 preserva\u00e7\u00e3o da vida. A empresa acredita que a transforma\u00e7\u00e3o do tr\u00e2nsito passa, necessariamente, pela educa\u00e7\u00e3o, fiscaliza\u00e7\u00e3o e planejamento urbano, mas sobretudo pela mudan\u00e7a de comportamento.<\/p>\n\n\n\n<p>\u201cA verdadeira mudan\u00e7a acontece quando entendemos que todos somos respons\u00e1veis por um tr\u00e2nsito mais seguro e humano. Ao colocar a vida no centro da mobilidade, estamos escolhendo o caminho da responsabilidade, do cuidado e da empatia\u201d, completa Campos.<\/p>\n\n\n\n<p>A programa\u00e7\u00e3o do Maio Amarelo 2025 envolve eventos em todo o pa\u00eds, com a\u00e7\u00f5es comunit\u00e1rias, blitz educativas, palestras e interven\u00e7\u00f5es urbanas. A campanha \u00e9 coordenada nacionalmente pelo ONSV e pode ser acompanhada pelo site oficial do movimento: <a href=\"https:\/\/www.onsv.org.br\/maioamarelo\" target=\"_blank\" rel=\"noopener\">https:\/\/www.onsv.org.br\/maioamarelo<\/a><\/p>\n","protected":false},"excerpt":{"rendered":"<p>Perkons apoia a campanha e refor\u00e7a compromisso com a seguran\u00e7a vi\u00e1ria<\/p>\n","protected":false},"author":3,"featured_media":15907,"template":"","categorias-de-noticias":[],"class_list":["post-15906","noticias","type-noticias","status-publish","has-post-thumbnail","hentry"],"_links":{"self":[{"href":"https:\/\/www.perkons.com\/en\/wp-json\/wp\/v2\/noticias\/15906","targetHints":{"allow":["GET"]}}],"collection":[{"href":"https:\/\/www.perkons.com\/en\/wp-json\/wp\/v2\/noticias"}],"about":[{"href":"https:\/\/www.perkons.com\/en\/wp-json\/wp\/v2\/types\/noticias"}],"author":[{"embeddable":true,"href":"https:\/\/www.perkons.com\/en\/wp-json\/wp\/v2\/users\/3"}],"version-history":[{"count":0,"href":"https:\/\/www.perkons.com\/en\/wp-json\/wp\/v2\/noticias\/15906\/revisions"}],"wp:featuredmedia":[{"embeddable":true,"href":"https:\/\/www.perkons.com\/en\/wp-json\/wp\/v2\/media\/15907"}],"wp:attachment":[{"href":"https:\/\/www.perkons.com\/en\/wp-json\/wp\/v2\/media?parent=15906"}],"wp:term":[{"taxonomy":"categorias-de-noticias","embeddable":true,"href":"https:\/\/www.perkons.com\/en\/wp-json\/wp\/v2\/categorias-de-noticias?post=15906"}],"curies":[{"name":"wp","href":"https:\/\/api.w.org\/{rel}","templated":true}]}}